{"id":1022,"date":"2021-02-12T13:38:46","date_gmt":"2021-02-12T13:38:46","guid":{"rendered":"https:\/\/grupsa.fr\/?p=1022"},"modified":"2021-03-03T13:41:58","modified_gmt":"2021-03-03T13:41:58","slug":"grupsa-lance-sa-nouvelle-gamme-de-portes-techniques-kompak-system","status":"publish","type":"post","link":"https:\/\/grupsa.fr\/index.php\/2021\/02\/12\/grupsa-lance-sa-nouvelle-gamme-de-portes-techniques-kompak-system\/","title":{"rendered":"Grupsa lance sa nouvelle gamme de portes techniques Kompak System"},"content":{"rendered":"<div id=\"pl-1022\"  class=\"panel-layout\" ><div id=\"pg-1022-0\"  class=\"panel-grid panel-no-style\" ><div id=\"pgc-1022-0-0\"  class=\"panel-grid-cell\" ><div id=\"panel-1022-0-0-0\" class=\"so-panel widget widget_themegrill_flash_heading tg-widget section-title-wrapper panel-first-child\" data-index=\"0\" >\t<h3 class=\"section-title\">Grupsa lance sa nouvelle gamme de portes techniques Kompak System<\/h3>\n<\/div><div id=\"panel-1022-0-0-1\" class=\"so-panel widget widget_text panel-last-child\" data-index=\"1\" >\t\t\t<div class=\"textwidget\"><p>GRUPSA Door Systems, en tant que fabricant d\u2019\u00e9quipements pour une gamme compl\u00e8te de produits hospitaliers, int\u00e8gre \u00e0 son portefeuille une nouvelle ligne de\u00a0<a href=\"https:\/\/grupsa.com\/fr\/portes-techniques-hpl\/\"><strong>portes techniques en HPL,<\/strong><\/a>\u00a0qui sous le nom de Kompak System avec finition antibact\u00e9rienne (selon la norme JIS Z 2801) qui s\u2019adapte aux besoins des h\u00f4pitaux et des cliniques, tels que les salles de consultation, les chambres, les salles de r\u00e9veil, les laboratoires ou les zones de radiologie hospitali\u00e8re; mais aussi \u00e0 des usages au-del\u00e0 de la sant\u00e9, comme les morgues, les \u00e9coles ou les b\u00e2timents institutionnels.<\/p>\n<p>La nouvelle gamme de portes techniques HPL est\u00a0<strong>con\u00e7ue et fabriqu\u00e9e en Espagne selon la r\u00e9glementation europ\u00e9enne<\/strong>, compos\u00e9e de deux plaques HPL avec un noyau en polyur\u00e9thane inject\u00e9 hautement durable et r\u00e9sistant, un cadre en aluminium et une surface lisse sans moulures. Ils sont tr\u00e8s r\u00e9sistants \u00e0 l\u2019humidit\u00e9 et aux chocs selon la norme (CTE-DB-SB AE Classe 4 &amp; UNE-EN 41955 \/ 41955-2 Classe 4), permettant un faible co\u00fbt de maintenance et une longue dur\u00e9e de vie du produit.<\/p>\n<p>Cette nouvelle ligne est possible apr\u00e8s l\u2019acquisition d\u2019Enebro par le groupe de soci\u00e9t\u00e9s qui composent Grupsa. De cette mani\u00e8re, il cherche \u00e0 compl\u00e9ter la gamme de produits hospitaliers propos\u00e9s pour r\u00e9pondre aux besoins actuels et futurs exigeants de nos clients, en \u00e9tant un fournisseur des\u00a0<strong>h\u00f4pitaux les plus importants d\u2019Europe, d\u2019Am\u00e9rique latine, du Moyen-Orient et d\u2019Afrique du Nord.<\/strong><\/p>\n<\/div>\n\t\t<\/div><\/div><\/div><\/div>","protected":false},"excerpt":{"rendered":"<p>GRUPSA Door Systems, en tant que fabricant d\u2019\u00e9quipements pour une gamme compl\u00e8te de produits hospitaliers, int\u00e8gre \u00e0 son portefeuille une [&hellip;]<\/p>\n","protected":false},"author":1,"featured_media":1023,"comment_status":"open","ping_status":"open","sticky":false,"template":"","format":"standard","meta":{"footnotes":""},"categories":[35],"tags":[71,69,73,74,70,72],"class_list":["post-1022","post","type-post","status-publish","format-standard","has-post-thumbnail","hentry","category-hopitaux-et-sante","tag-hpl","tag-kompak-system","tag-ks-100-classic","tag-ks-120-plus","tag-portes-techniques","tag-radiologie"],"yoast_head":"<!-- This site is optimized with the Yoast SEO plugin v24.9 - https:\/\/yoast.com\/wordpress\/plugins\/seo\/ -->\n<title>Grupsa lance sa nouvelle gamme de portes techniques Kompak System - Grupsa Doors Systems France<\/title>\n<meta name=\"robots\" content=\"index, follow, max-snippet:-1, max-image-preview:large, max-video-preview:-1\" \/>\n<link rel=\"canonical\" href=\"https:\/\/grupsa.fr\/index.php\/2021\/02\/12\/grupsa-lance-sa-nouvelle-gamme-de-portes-techniques-kompak-system\/\" \/>\n<meta property=\"og:locale\" content=\"es_ES\" \/>\n<meta property=\"og:type\" content=\"article\" \/>\n<meta property=\"og:title\" content=\"Grupsa lance sa nouvelle gamme de portes techniques Kompak System - Grupsa Doors Systems France\" \/>\n<meta property=\"og:description\" content=\"GRUPSA Door Systems, en tant que fabricant d\u2019\u00e9quipements pour une gamme compl\u00e8te de produits hospitaliers, int\u00e8gre \u00e0 son portefeuille une [&hellip;]\" \/>\n<meta property=\"og:url\" content=\"https:\/\/grupsa.fr\/index.php\/2021\/02\/12\/grupsa-lance-sa-nouvelle-gamme-de-portes-techniques-kompak-system\/\" \/>\n<meta property=\"og:site_name\" content=\"Grupsa Doors Systems France\" \/>\n<meta property=\"article:published_time\" content=\"2021-02-12T13:38:46+00:00\" \/>\n<meta property=\"article:modified_time\" content=\"2021-03-03T13:41:58+00:00\" \/>\n<meta property=\"og:image\" content=\"https:\/\/grupsa.fr\/wp-content\/uploads\/2021\/03\/kompak-big.jpg\" \/>\n\t<meta property=\"og:image:width\" content=\"1200\" \/>\n\t<meta property=\"og:image:height\" content=\"552\" \/>\n\t<meta property=\"og:image:type\" content=\"image\/jpeg\" \/>\n<meta name=\"author\" content=\"Grupsa France\" \/>\n<meta name=\"twitter:card\" content=\"summary_large_image\" \/>\n<meta name=\"twitter:label1\" content=\"Escrito por\" \/>\n\t<meta name=\"twitter:data1\" content=\"Grupsa France\" \/>\n\t<meta name=\"twitter:label2\" content=\"Tiempo de lectura\" \/>\n\t<meta name=\"twitter:data2\" content=\"1 minuto\" \/>\n<script type=\"application\/ld+json\" class=\"yoast-schema-graph\">{\"@context\":\"https:\/\/schema.org\",\"@graph\":[{\"@type\":\"Article\",\"@id\":\"https:\/\/grupsa.fr\/index.php\/2021\/02\/12\/grupsa-lance-sa-nouvelle-gamme-de-portes-techniques-kompak-system\/#article\",\"isPartOf\":{\"@id\":\"https:\/\/grupsa.fr\/index.php\/2021\/02\/12\/grupsa-lance-sa-nouvelle-gamme-de-portes-techniques-kompak-system\/\"},\"author\":{\"name\":\"Grupsa France\",\"@id\":\"https:\/\/grupsa.fr\/#\/schema\/person\/b9daeedb2422379899cabf9988e62ac4\"},\"headline\":\"Grupsa lance sa nouvelle gamme de portes techniques Kompak System\",\"datePublished\":\"2021-02-12T13:38:46+00:00\",\"dateModified\":\"2021-03-03T13:41:58+00:00\",\"mainEntityOfPage\":{\"@id\":\"https:\/\/grupsa.fr\/index.php\/2021\/02\/12\/grupsa-lance-sa-nouvelle-gamme-de-portes-techniques-kompak-system\/\"},\"wordCount\":271,\"commentCount\":0,\"publisher\":{\"@id\":\"https:\/\/grupsa.fr\/#organization\"},\"image\":{\"@id\":\"https:\/\/grupsa.fr\/index.php\/2021\/02\/12\/grupsa-lance-sa-nouvelle-gamme-de-portes-techniques-kompak-system\/#primaryimage\"},\"thumbnailUrl\":\"https:\/\/grupsa.fr\/wp-content\/uploads\/2021\/03\/kompak-big.jpg\",\"keywords\":[\"HPL\",\"Kompak System\",\"KS-100 Classic\",\"KS-120 Plus\",\"Portes Techniques\",\"Radiologie\"],\"articleSection\":[\"H\u00f4pitaux et Sant\u00e9\"],\"inLanguage\":\"es\",\"potentialAction\":[{\"@type\":\"CommentAction\",\"name\":\"Comment\",\"target\":[\"https:\/\/grupsa.fr\/index.php\/2021\/02\/12\/grupsa-lance-sa-nouvelle-gamme-de-portes-techniques-kompak-system\/#respond\"]}]},{\"@type\":\"WebPage\",\"@id\":\"https:\/\/grupsa.fr\/index.php\/2021\/02\/12\/grupsa-lance-sa-nouvelle-gamme-de-portes-techniques-kompak-system\/\",\"url\":\"https:\/\/grupsa.fr\/index.php\/2021\/02\/12\/grupsa-lance-sa-nouvelle-gamme-de-portes-techniques-kompak-system\/\",\"name\":\"Grupsa lance sa nouvelle gamme de portes techniques Kompak System - Grupsa Doors Systems France\",\"isPartOf\":{\"@id\":\"https:\/\/grupsa.fr\/#website\"},\"primaryImageOfPage\":{\"@id\":\"https:\/\/grupsa.fr\/index.php\/2021\/02\/12\/grupsa-lance-sa-nouvelle-gamme-de-portes-techniques-kompak-system\/#primaryimage\"},\"image\":{\"@id\":\"https:\/\/grupsa.fr\/index.php\/2021\/02\/12\/grupsa-lance-sa-nouvelle-gamme-de-portes-techniques-kompak-system\/#primaryimage\"},\"thumbnailUrl\":\"https:\/\/grupsa.fr\/wp-content\/uploads\/2021\/03\/kompak-big.jpg\",\"datePublished\":\"2021-02-12T13:38:46+00:00\",\"dateModified\":\"2021-03-03T13:41:58+00:00\",\"breadcrumb\":{\"@id\":\"https:\/\/grupsa.fr\/index.php\/2021\/02\/12\/grupsa-lance-sa-nouvelle-gamme-de-portes-techniques-kompak-system\/#breadcrumb\"},\"inLanguage\":\"es\",\"potentialAction\":[{\"@type\":\"ReadAction\",\"target\":[\"https:\/\/grupsa.fr\/index.php\/2021\/02\/12\/grupsa-lance-sa-nouvelle-gamme-de-portes-techniques-kompak-system\/\"]}]},{\"@type\":\"ImageObject\",\"inLanguage\":\"es\",\"@id\":\"https:\/\/grupsa.fr\/index.php\/2021\/02\/12\/grupsa-lance-sa-nouvelle-gamme-de-portes-techniques-kompak-system\/#primaryimage\",\"url\":\"https:\/\/grupsa.fr\/wp-content\/uploads\/2021\/03\/kompak-big.jpg\",\"contentUrl\":\"https:\/\/grupsa.fr\/wp-content\/uploads\/2021\/03\/kompak-big.jpg\",\"width\":1200,\"height\":552},{\"@type\":\"BreadcrumbList\",\"@id\":\"https:\/\/grupsa.fr\/index.php\/2021\/02\/12\/grupsa-lance-sa-nouvelle-gamme-de-portes-techniques-kompak-system\/#breadcrumb\",\"itemListElement\":[{\"@type\":\"ListItem\",\"position\":1,\"name\":\"Portada\",\"item\":\"https:\/\/grupsa.fr\/\"},{\"@type\":\"ListItem\",\"position\":2,\"name\":\"Grupsa lance sa nouvelle gamme de portes techniques Kompak System\"}]},{\"@type\":\"WebSite\",\"@id\":\"https:\/\/grupsa.fr\/#website\",\"url\":\"https:\/\/grupsa.fr\/\",\"name\":\"Grupsa Doors Systems France\",\"description\":\"Fabricants de syst\u00e8mes de portes tournantes, portes automatiques, portes \u00e9tanches, ICU et autres installations pour salles d&#039;op\u00e9ration et syst\u00e8mes APG \/ PSD pour bus (BRT) et moyens de transport.\",\"publisher\":{\"@id\":\"https:\/\/grupsa.fr\/#organization\"},\"potentialAction\":[{\"@type\":\"SearchAction\",\"target\":{\"@type\":\"EntryPoint\",\"urlTemplate\":\"https:\/\/grupsa.fr\/?s={search_term_string}\"},\"query-input\":{\"@type\":\"PropertyValueSpecification\",\"valueRequired\":true,\"valueName\":\"search_term_string\"}}],\"inLanguage\":\"es\"},{\"@type\":\"Organization\",\"@id\":\"https:\/\/grupsa.fr\/#organization\",\"name\":\"Grupsa Doors Systems France\",\"url\":\"https:\/\/grupsa.fr\/\",\"logo\":{\"@type\":\"ImageObject\",\"inLanguage\":\"es\",\"@id\":\"https:\/\/grupsa.fr\/#\/schema\/logo\/image\/\",\"url\":\"https:\/\/grupsa.fr\/wp-content\/uploads\/2021\/03\/cropped-cropped-Grpusa-France-e1614588878665-1-e1614595037852.png\",\"contentUrl\":\"https:\/\/grupsa.fr\/wp-content\/uploads\/2021\/03\/cropped-cropped-Grpusa-France-e1614588878665-1-e1614595037852.png\",\"width\":125,\"height\":87,\"caption\":\"Grupsa Doors Systems France\"},\"image\":{\"@id\":\"https:\/\/grupsa.fr\/#\/schema\/logo\/image\/\"}},{\"@type\":\"Person\",\"@id\":\"https:\/\/grupsa.fr\/#\/schema\/person\/b9daeedb2422379899cabf9988e62ac4\",\"name\":\"Grupsa France\",\"image\":{\"@type\":\"ImageObject\",\"inLanguage\":\"es\",\"@id\":\"https:\/\/grupsa.fr\/#\/schema\/person\/image\/\",\"url\":\"https:\/\/secure.gravatar.com\/avatar\/cfef97b4c0dad16fd50a47979db51a772388a64a7dc2f17519d9950b444723e7?s=96&d=mm&r=g\",\"contentUrl\":\"https:\/\/secure.gravatar.com\/avatar\/cfef97b4c0dad16fd50a47979db51a772388a64a7dc2f17519d9950b444723e7?s=96&d=mm&r=g\",\"caption\":\"Grupsa France\"},\"sameAs\":[\"http:\/\/grupsa.fr\"],\"url\":\"https:\/\/grupsa.fr\/index.php\/author\/cierrapuertas\/\"}]}<\/script>\n<!-- \/ Yoast SEO plugin. -->","yoast_head_json":{"title":"Grupsa lance sa nouvelle gamme de portes techniques Kompak System - Grupsa Doors Systems France","robots":{"index":"index","follow":"follow","max-snippet":"max-snippet:-1","max-image-preview":"max-image-preview:large","max-video-preview":"max-video-preview:-1"},"canonical":"https:\/\/grupsa.fr\/index.php\/2021\/02\/12\/grupsa-lance-sa-nouvelle-gamme-de-portes-techniques-kompak-system\/","og_locale":"es_ES","og_type":"article","og_title":"Grupsa lance sa nouvelle gamme de portes techniques Kompak System - Grupsa Doors Systems France","og_description":"GRUPSA Door Systems, en tant que fabricant d\u2019\u00e9quipements pour une gamme compl\u00e8te de produits hospitaliers, int\u00e8gre \u00e0 son portefeuille une [&hellip;]","og_url":"https:\/\/grupsa.fr\/index.php\/2021\/02\/12\/grupsa-lance-sa-nouvelle-gamme-de-portes-techniques-kompak-system\/","og_site_name":"Grupsa Doors Systems France","article_published_time":"2021-02-12T13:38:46+00:00","article_modified_time":"2021-03-03T13:41:58+00:00","og_image":[{"width":1200,"height":552,"url":"https:\/\/grupsa.fr\/wp-content\/uploads\/2021\/03\/kompak-big.jpg","type":"image\/jpeg"}],"author":"Grupsa France","twitter_card":"summary_large_image","twitter_misc":{"Escrito por":"Grupsa France","Tiempo de lectura":"1 minuto"},"schema":{"@context":"https:\/\/schema.org","@graph":[{"@type":"Article","@id":"https:\/\/grupsa.fr\/index.php\/2021\/02\/12\/grupsa-lance-sa-nouvelle-gamme-de-portes-techniques-kompak-system\/#article","isPartOf":{"@id":"https:\/\/grupsa.fr\/index.php\/2021\/02\/12\/grupsa-lance-sa-nouvelle-gamme-de-portes-techniques-kompak-system\/"},"author":{"name":"Grupsa France","@id":"https:\/\/grupsa.fr\/#\/schema\/person\/b9daeedb2422379899cabf9988e62ac4"},"headline":"Grupsa lance sa nouvelle gamme de portes techniques Kompak System","datePublished":"2021-02-12T13:38:46+00:00","dateModified":"2021-03-03T13:41:58+00:00","mainEntityOfPage":{"@id":"https:\/\/grupsa.fr\/index.php\/2021\/02\/12\/grupsa-lance-sa-nouvelle-gamme-de-portes-techniques-kompak-system\/"},"wordCount":271,"commentCount":0,"publisher":{"@id":"https:\/\/grupsa.fr\/#organization"},"image":{"@id":"https:\/\/grupsa.fr\/index.php\/2021\/02\/12\/grupsa-lance-sa-nouvelle-gamme-de-portes-techniques-kompak-system\/#primaryimage"},"thumbnailUrl":"https:\/\/grupsa.fr\/wp-content\/uploads\/2021\/03\/kompak-big.jpg","keywords":["HPL","Kompak System","KS-100 Classic","KS-120 Plus","Portes Techniques","Radiologie"],"articleSection":["H\u00f4pitaux et Sant\u00e9"],"inLanguage":"es","potentialAction":[{"@type":"CommentAction","name":"Comment","target":["https:\/\/grupsa.fr\/index.php\/2021\/02\/12\/grupsa-lance-sa-nouvelle-gamme-de-portes-techniques-kompak-system\/#respond"]}]},{"@type":"WebPage","@id":"https:\/\/grupsa.fr\/index.php\/2021\/02\/12\/grupsa-lance-sa-nouvelle-gamme-de-portes-techniques-kompak-system\/","url":"https:\/\/grupsa.fr\/index.php\/2021\/02\/12\/grupsa-lance-sa-nouvelle-gamme-de-portes-techniques-kompak-system\/","name":"Grupsa lance sa nouvelle gamme de portes techniques Kompak System - Grupsa Doors Systems France","isPartOf":{"@id":"https:\/\/grupsa.fr\/#website"},"primaryImageOfPage":{"@id":"https:\/\/grupsa.fr\/index.php\/2021\/02\/12\/grupsa-lance-sa-nouvelle-gamme-de-portes-techniques-kompak-system\/#primaryimage"},"image":{"@id":"https:\/\/grupsa.fr\/index.php\/2021\/02\/12\/grupsa-lance-sa-nouvelle-gamme-de-portes-techniques-kompak-system\/#primaryimage"},"thumbnailUrl":"https:\/\/grupsa.fr\/wp-content\/uploads\/2021\/03\/kompak-big.jpg","datePublished":"2021-02-12T13:38:46+00:00","dateModified":"2021-03-03T13:41:58+00:00","breadcrumb":{"@id":"https:\/\/grupsa.fr\/index.php\/2021\/02\/12\/grupsa-lance-sa-nouvelle-gamme-de-portes-techniques-kompak-system\/#breadcrumb"},"inLanguage":"es","potentialAction":[{"@type":"ReadAction","target":["https:\/\/grupsa.fr\/index.php\/2021\/02\/12\/grupsa-lance-sa-nouvelle-gamme-de-portes-techniques-kompak-system\/"]}]},{"@type":"ImageObject","inLanguage":"es","@id":"https:\/\/grupsa.fr\/index.php\/2021\/02\/12\/grupsa-lance-sa-nouvelle-gamme-de-portes-techniques-kompak-system\/#primaryimage","url":"https:\/\/grupsa.fr\/wp-content\/uploads\/2021\/03\/kompak-big.jpg","contentUrl":"https:\/\/grupsa.fr\/wp-content\/uploads\/2021\/03\/kompak-big.jpg","width":1200,"height":552},{"@type":"BreadcrumbList","@id":"https:\/\/grupsa.fr\/index.php\/2021\/02\/12\/grupsa-lance-sa-nouvelle-gamme-de-portes-techniques-kompak-system\/#breadcrumb","itemListElement":[{"@type":"ListItem","position":1,"name":"Portada","item":"https:\/\/grupsa.fr\/"},{"@type":"ListItem","position":2,"name":"Grupsa lance sa nouvelle gamme de portes techniques Kompak System"}]},{"@type":"WebSite","@id":"https:\/\/grupsa.fr\/#website","url":"https:\/\/grupsa.fr\/","name":"Grupsa Doors Systems France","description":"Fabricants de syst\u00e8mes de portes tournantes, portes automatiques, portes \u00e9tanches, ICU et autres installations pour salles d&#039;op\u00e9ration et syst\u00e8mes APG \/ PSD pour bus (BRT) et moyens de transport.","publisher":{"@id":"https:\/\/grupsa.fr\/#organization"},"potentialAction":[{"@type":"SearchAction","target":{"@type":"EntryPoint","urlTemplate":"https:\/\/grupsa.fr\/?s={search_term_string}"},"query-input":{"@type":"PropertyValueSpecification","valueRequired":true,"valueName":"search_term_string"}}],"inLanguage":"es"},{"@type":"Organization","@id":"https:\/\/grupsa.fr\/#organization","name":"Grupsa Doors Systems France","url":"https:\/\/grupsa.fr\/","logo":{"@type":"ImageObject","inLanguage":"es","@id":"https:\/\/grupsa.fr\/#\/schema\/logo\/image\/","url":"https:\/\/grupsa.fr\/wp-content\/uploads\/2021\/03\/cropped-cropped-Grpusa-France-e1614588878665-1-e1614595037852.png","contentUrl":"https:\/\/grupsa.fr\/wp-content\/uploads\/2021\/03\/cropped-cropped-Grpusa-France-e1614588878665-1-e1614595037852.png","width":125,"height":87,"caption":"Grupsa Doors Systems France"},"image":{"@id":"https:\/\/grupsa.fr\/#\/schema\/logo\/image\/"}},{"@type":"Person","@id":"https:\/\/grupsa.fr\/#\/schema\/person\/b9daeedb2422379899cabf9988e62ac4","name":"Grupsa France","image":{"@type":"ImageObject","inLanguage":"es","@id":"https:\/\/grupsa.fr\/#\/schema\/person\/image\/","url":"https:\/\/secure.gravatar.com\/avatar\/cfef97b4c0dad16fd50a47979db51a772388a64a7dc2f17519d9950b444723e7?s=96&d=mm&r=g","contentUrl":"https:\/\/secure.gravatar.com\/avatar\/cfef97b4c0dad16fd50a47979db51a772388a64a7dc2f17519d9950b444723e7?s=96&d=mm&r=g","caption":"Grupsa France"},"sameAs":["http:\/\/grupsa.fr"],"url":"https:\/\/grupsa.fr\/index.php\/author\/cierrapuertas\/"}]}},"_links":{"self":[{"href":"https:\/\/grupsa.fr\/index.php\/wp-json\/wp\/v2\/posts\/1022","targetHints":{"allow":["GET"]}}],"collection":[{"href":"https:\/\/grupsa.fr\/index.php\/wp-json\/wp\/v2\/posts"}],"about":[{"href":"https:\/\/grupsa.fr\/index.php\/wp-json\/wp\/v2\/types\/post"}],"author":[{"embeddable":true,"href":"https:\/\/grupsa.fr\/index.php\/wp-json\/wp\/v2\/users\/1"}],"replies":[{"embeddable":true,"href":"https:\/\/grupsa.fr\/index.php\/wp-json\/wp\/v2\/comments?post=1022"}],"version-history":[{"count":2,"href":"https:\/\/grupsa.fr\/index.php\/wp-json\/wp\/v2\/posts\/1022\/revisions"}],"predecessor-version":[{"id":1025,"href":"https:\/\/grupsa.fr\/index.php\/wp-json\/wp\/v2\/posts\/1022\/revisions\/1025"}],"wp:featuredmedia":[{"embeddable":true,"href":"https:\/\/grupsa.fr\/index.php\/wp-json\/wp\/v2\/media\/1023"}],"wp:attachment":[{"href":"https:\/\/grupsa.fr\/index.php\/wp-json\/wp\/v2\/media?parent=1022"}],"wp:term":[{"taxonomy":"category","embeddable":true,"href":"https:\/\/grupsa.fr\/index.php\/wp-json\/wp\/v2\/categories?post=1022"},{"taxonomy":"post_tag","embeddable":true,"href":"https:\/\/grupsa.fr\/index.php\/wp-json\/wp\/v2\/tags?post=1022"}],"curies":[{"name":"wp","href":"https:\/\/api.w.org\/{rel}","templated":true}]}}